{"id":26029,"date":"2026-04-28T10:08:45","date_gmt":"2026-04-28T08:08:45","guid":{"rendered":"https:\/\/okoljepiran.si\/?p=26029"},"modified":"2026-04-28T10:39:21","modified_gmt":"2026-04-28T08:39:21","slug":"modifica-dellorario-di-raccolta-durante-le-festivita-del-primo-maggio","status":"publish","type":"post","link":"https:\/\/okoljepiran.si\/it\/modifica-dellorario-di-raccolta-durante-le-festivita-del-primo-maggio\/","title":{"rendered":"Modifica dell\u2019orario di raccolta durante le festivit\u00e0 del Primo Maggio"},"content":{"rendered":"\n<p><strong>Informiamo gli utenti dei servizi comunali nel territorio del comune di Pirano che in occasione della festivit\u00e0 di venerd\u00ec 1 maggio 2026 non effettueremo la consueta raccolta dei rifiuti.<\/strong><\/p>\n\n\n\n<p>Il ritiro sostitutivo avverr\u00e0 prima delle festivit\u00e0, ovvero <strong><mark style=\"background-color:rgba(0, 0, 0, 0);color:#afca0b\" class=\"has-inline-color\">mercoled\u00ec 29 aprile<\/mark><\/strong> e <strong><mark style=\"background-color:rgba(0, 0, 0, 0);color:#afca0b\" class=\"has-inline-color\">gioved\u00ec 30 aprile<\/mark><\/strong>.<\/p>\n\n\n\n<p>Gli utenti sono pregati di lasciare i contenitori nei luoghi di raccolta nei giorni indicati. <\/p>\n\n\n\n<p>Il&nbsp;<strong><mark style=\"background-color:rgba(0, 0, 0, 0);color:#0bbbef\" class=\"has-inline-color\">Centro di raccolta di Dragogna<\/mark><\/strong>&nbsp;sar\u00e0&nbsp;<strong><mark style=\"background-color:rgba(0, 0, 0, 0);color:#0bbbef\" class=\"has-inline-color\">chiuso in entrambi i giorni festivi<\/mark><\/strong>, 1 e 2 maggio.<\/p>\n\n\n\n<p>Grazie per la comprensione e buone feste!<\/p>\n\n\n\n<p><\/p>\n","protected":false},"excerpt":{"rendered":"<p>Informiamo gli utenti dei servizi comunali nel territorio del comune di Pirano che in occasione della festivit\u00e0 di venerd\u00ec 1 maggio 2026 non effettueremo la consueta raccolta dei rifiuti. Il ritiro sostitutivo avverr\u00e0 prima delle festivit\u00e0, ovvero mercoled\u00ec 29 aprile e gioved\u00ec 30 aprile. Gli utenti sono pregati di lasciare i contenitori nei luoghi di [&hellip;]<\/p>\n","protected":false},"author":6,"featured_media":22559,"comment_status":"closed","ping_status":"closed","sticky":false,"template":"","format":"standard","meta":{"_acf_changed":false,"footnotes":""},"categories":[19],"tags":[],"class_list":["post-26029","post","type-post","status-publish","format-standard","has-post-thumbnail","hentry","category-notizie"],"acf":[],"_links":{"self":[{"href":"https:\/\/okoljepiran.si\/it\/wp-json\/wp\/v2\/posts\/26029","targetHints":{"allow":["GET"]}}],"collection":[{"href":"https:\/\/okoljepiran.si\/it\/wp-json\/wp\/v2\/posts"}],"about":[{"href":"https:\/\/okoljepiran.si\/it\/wp-json\/wp\/v2\/types\/post"}],"author":[{"embeddable":true,"href":"https:\/\/okoljepiran.si\/it\/wp-json\/wp\/v2\/users\/6"}],"replies":[{"embeddable":true,"href":"https:\/\/okoljepiran.si\/it\/wp-json\/wp\/v2\/comments?post=26029"}],"version-history":[{"count":2,"href":"https:\/\/okoljepiran.si\/it\/wp-json\/wp\/v2\/posts\/26029\/revisions"}],"predecessor-version":[{"id":26031,"href":"https:\/\/okoljepiran.si\/it\/wp-json\/wp\/v2\/posts\/26029\/revisions\/26031"}],"wp:featuredmedia":[{"embeddable":true,"href":"https:\/\/okoljepiran.si\/it\/wp-json\/wp\/v2\/media\/22559"}],"wp:attachment":[{"href":"https:\/\/okoljepiran.si\/it\/wp-json\/wp\/v2\/media?parent=26029"}],"wp:term":[{"taxonomy":"category","embeddable":true,"href":"https:\/\/okoljepiran.si\/it\/wp-json\/wp\/v2\/categories?post=26029"},{"taxonomy":"post_tag","embeddable":true,"href":"https:\/\/okoljepiran.si\/it\/wp-json\/wp\/v2\/tags?post=26029"}],"curies":[{"name":"wp","href":"https:\/\/api.w.org\/{rel}","templated":true}]}}