{"id":18280,"date":"2024-04-26T13:25:16","date_gmt":"2024-04-26T11:25:16","guid":{"rendered":"http:\/\/okoljepiran.razvija.se\/spremenjen-urnik-odvoza-odpadkov-med-prvomajskimi-prazniki\/"},"modified":"2025-08-21T12:04:36","modified_gmt":"2025-08-21T10:04:36","slug":"spremenjen-urnik-odvoza-odpadkov-med-prvomajskimi-prazniki","status":"publish","type":"post","link":"https:\/\/okoljepiran.si\/it\/spremenjen-urnik-odvoza-odpadkov-med-prvomajskimi-prazniki\/","title":{"rendered":"Modifica dell\u2019orario di raccolta durante le festivit\u00e0 del Primo Maggio"},"content":{"rendered":"<div class=\"\" data-block=\"true\" data-editor=\"1agr1\" data-offset-key=\"2qbon-0-0\">\n<div class=\"_1mf _1mj\" data-offset-key=\"2qbon-0-0\"><strong>Informiamo gli utenti dei servizi comunali nel territorio del comune di Pirano che in occasione della festivit\u00e0 di mercoled\u00ec 1 maggio 2024 non effettueremo la consueta raccolta dei rifiuti.<\/strong><\/div>\n<\/div>\n<div class=\"\" data-block=\"true\" data-editor=\"1agr1\" data-offset-key=\"3d4e1-0-0\">\n<div class=\"_1mf _1mj\" data-offset-key=\"3d4e1-0-0\"><span data-offset-key=\"3d4e1-0-0\">\u00a0<\/span><\/div>\n<\/div>\n<div class=\"\" data-block=\"true\" data-editor=\"1agr1\" data-offset-key=\"41v6c-0-0\">\n<div class=\"_1mf _1mj\" data-offset-key=\"41v6c-0-0\"><span data-offset-key=\"41v6c-0-0\">Il ritiro sostitutivo avverr\u00e0<span style=\"color: #afca0b;\"><strong> marted\u00ec 30 aprile<\/strong><\/span> e <strong><span style=\"color: #afca0b;\">gioved\u00ec 2 maggio<\/span><\/strong>. Gli utenti sono pregati di lasciare i contenitori nei luoghi di raccolta con un giorno di ritardo.<\/span><\/div>\n<\/div>\n<div class=\"\" data-block=\"true\" data-editor=\"1agr1\" data-offset-key=\"93glt-0-0\">\n<div class=\"_1mf _1mj\" data-offset-key=\"93glt-0-0\"><span data-offset-key=\"93glt-0-0\">\u00a0<\/span><\/div>\n<\/div>\n<div class=\"\" data-block=\"true\" data-editor=\"1agr1\" data-offset-key=\"7hgn-0-0\">\n<div class=\"_1mf _1mj\" data-offset-key=\"7hgn-0-0\"><span data-offset-key=\"7hgn-0-0\">Il <strong><span style=\"color: #0bbbef;\">centro di raccolta a Dragogna<\/span><\/strong> sar\u00e0 chiuso nei giorni festivi del<strong><span style=\"color: #0bbbef;\"> 27 aprile e del 1 e 2 maggio<\/span><\/strong>.<\/span><\/div>\n<\/div>\n<div class=\"\" data-block=\"true\" data-editor=\"1agr1\" data-offset-key=\"1jkep-0-0\">\n<div class=\"_1mf _1mj\" data-offset-key=\"1jkep-0-0\">\n<p><span data-offset-key=\"1jkep-0-0\">Vi ringraziamo per la comprensione e vi auguriamo felici festivit\u00e0.<\/span><\/p>\n<p><img loading=\"lazy\" decoding=\"async\" class=\"alignnone size-full wp-image-7798\" src=\"https:\/\/okoljepiran.si\/wp-content\/uploads\/2025\/08\/Odvoz-odpadkov-Okolje-Piran-13.jpg\" alt=\"\" width=\"2000\" height=\"1500\" \/><\/p>\n<\/div>\n<\/div>\n<p>&nbsp;<\/p>\n","protected":false},"excerpt":{"rendered":"<p>Informiamo gli utenti dei servizi comunali nel territorio del comune di Pirano che in occasione della festivit\u00e0 di mercoled\u00ec 1 maggio 2024 non effettueremo la consueta raccolta dei rifiuti. \u00a0 Il ritiro sostitutivo avverr\u00e0 marted\u00ec 30 aprile e gioved\u00ec 2 maggio. Gli utenti sono pregati di lasciare i contenitori nei luoghi di raccolta con un [&hellip;]<\/p>\n","protected":false},"author":6,"featured_media":18281,"comment_status":"open","ping_status":"open","sticky":false,"template":"","format":"standard","meta":{"_acf_changed":false,"footnotes":""},"categories":[],"tags":[],"class_list":["post-18280","post","type-post","status-publish","format-standard","has-post-thumbnail","hentry"],"acf":[],"_links":{"self":[{"href":"https:\/\/okoljepiran.si\/it\/wp-json\/wp\/v2\/posts\/18280","targetHints":{"allow":["GET"]}}],"collection":[{"href":"https:\/\/okoljepiran.si\/it\/wp-json\/wp\/v2\/posts"}],"about":[{"href":"https:\/\/okoljepiran.si\/it\/wp-json\/wp\/v2\/types\/post"}],"author":[{"embeddable":true,"href":"https:\/\/okoljepiran.si\/it\/wp-json\/wp\/v2\/users\/6"}],"replies":[{"embeddable":true,"href":"https:\/\/okoljepiran.si\/it\/wp-json\/wp\/v2\/comments?post=18280"}],"version-history":[{"count":1,"href":"https:\/\/okoljepiran.si\/it\/wp-json\/wp\/v2\/posts\/18280\/revisions"}],"predecessor-version":[{"id":18283,"href":"https:\/\/okoljepiran.si\/it\/wp-json\/wp\/v2\/posts\/18280\/revisions\/18283"}],"wp:featuredmedia":[{"embeddable":true,"href":"https:\/\/okoljepiran.si\/it\/wp-json\/wp\/v2\/media\/18281"}],"wp:attachment":[{"href":"https:\/\/okoljepiran.si\/it\/wp-json\/wp\/v2\/media?parent=18280"}],"wp:term":[{"taxonomy":"category","embeddable":true,"href":"https:\/\/okoljepiran.si\/it\/wp-json\/wp\/v2\/categories?post=18280"},{"taxonomy":"post_tag","embeddable":true,"href":"https:\/\/okoljepiran.si\/it\/wp-json\/wp\/v2\/tags?post=18280"}],"curies":[{"name":"wp","href":"https:\/\/api.w.org\/{rel}","templated":true}]}}